{"id":231313,"date":"2026-02-24T16:22:58","date_gmt":"2026-02-24T15:22:58","guid":{"rendered":"https:\/\/canvives.cat\/?p=231313"},"modified":"2026-02-25T05:59:37","modified_gmt":"2026-02-25T04:59:37","slug":"%f0%9f%8e%81-nuevo-vale-online-un-regalo-de-3-e-por-compras-superiores-a-75-e-en-can-vives","status":"publish","type":"post","link":"https:\/\/canvives.cat\/es\/%f0%9f%8e%81-nou-val-de-compra-online-a-can-vives-3-e-de-regal-en-compres-superiors-a-75-e\/","title":{"rendered":"\ud83c\udf81 Nuevo cup\u00f3n online en Can Vives: un regalo gratuito de 3 \u20ac por compras superiores a 75 \u20ac."},"content":{"rendered":"<p>A <strong>Can Vives: carnicer\u00eda y charcuter\u00eda artesanal en Calella desde 1840.<\/strong> Estamos lanzando una nueva promoci\u00f3n exclusiva para nuestros clientes online.<\/p>\n\n\n\n<p>Si realiza una compra superior a <strong>75 \u20ac en nuestra tienda online<\/strong>, te llevas contigo <strong>Regalo de 3 \u20ac<\/strong> para aplicar directamente a tu pedido.<\/p>\n\n\n\n<h2 class=\"wp-block-heading\" id=\"h-com-funciona-el-val-de-compra\">\u00bfC\u00f3mo funciona el vale de compra?<\/h2>\n\n\n\n<p>Es muy sencillo:<\/p>\n\n\n\n<ol class=\"wp-block-list\">\n<li>Entra en nuestra tienda online.<\/li>\n\n\n\n<li>Llena tu carrito con tus productos favoritos: carne fresca, hamburguesas caseras, embutidos artesanales, carnes curadas o platos preparados.<\/li>\n\n\n\n<li>Si la compra supera el <strong>75 \u20ac<\/strong>, podr\u00e1s aplicar el vale de <strong>Descuento de 3 \u20ac<\/strong>.<\/li>\n<\/ol>\n\n\n\n<p>Una forma f\u00e1cil de ahorrar en tu compra semanal o en un pedido especial.<\/p>\n\n\n\n<h2 class=\"wp-block-heading\" id=\"h-compra-comoda-des-de-casa-i-recull-a-calella-o-demana-servei-a-domicili\">Compra desde la comodidad de tu hogar y recoge tu pedido en Calella o solicita la entrega a domicilio.<\/h2>\n\n\n\n<p>Recuerda que en el e-commerce de Can Vives puedes:<\/p>\n\n\n\n<ul class=\"wp-block-list\">\n<li>Compras con tranquilidad<\/li>\n\n\n\n<li>Elige entre recogida en tienda o entrega a domicilio.<\/li>\n\n\n\n<li>Planifica las compras familiares con antelaci\u00f3n.<\/li>\n<\/ul>\n\n\n\n<p>Nos comprometemos a facilitarle el d\u00eda a d\u00eda sin renunciar a la calidad de una carnicer\u00eda con casi 200 a\u00f1os de historia.<\/p>\n\n\n\n<h2 class=\"wp-block-heading\" id=\"h-per-a-qui-es-aquesta-promocio\">\u00bfA qui\u00e9n va dirigida esta promoci\u00f3n?<\/h2>\n\n\n\n<p>Este vale est\u00e1 especialmente destinado a:<\/p>\n\n\n\n<ul class=\"wp-block-list\">\n<li>Familias que hacen la compra semanal completa<\/li>\n\n\n\n<li>Clientes que desean aprovechar nuestras ofertas y surtidos.<\/li>\n\n\n\n<li>Amantes de la buena carne y la comida casera<\/li>\n<\/ul>\n\n\n\n<p>Si sueles comprar en Can Vives, esta es una gran oportunidad para consolidar tus compras y obtener una peque\u00f1a recompensa adicional. Solo tienes que utilizar el vale de descuento. <strong>Canvives 3<\/strong> Cuando se le solicite, se deducir\u00e1n 3,00 \u20ac del total.<\/p>\n\n\n\n<hr class=\"wp-block-separator has-alpha-channel-opacity\"\/>\n\n\n\n<p>\ud83d\udc49 \u00danete ahora <a href=\"https:\/\/canvives.cat\/es\/tienda\/\">Tienda en l\u00ednea<\/a> y aprovecha al m\u00e1ximo tu vale de compra.<\/p>\n\n\n\n<p><\/p>","protected":false},"excerpt":{"rendered":"<p>En Can Vives, la carnicer\u00eda y charcuter\u00eda artesanal de Calella desde 1840, lanzamos una nueva promoci\u00f3n exclusiva para nuestros clientes online. Si gastas m\u00e1s de 75 \u20ac en nuestra tienda online, recibir\u00e1s un vale de regalo de 3 \u20ac que podr\u00e1s aplicar directamente a tu pedido. \u00bfC\u00f3mo funciona el vale?<\/p>","protected":false},"author":6,"featured_media":231314,"comment_status":"closed","ping_status":"closed","sticky":false,"template":"","format":"standard","meta":{"_editorskit_title_hidden":false,"_editorskit_reading_time":0,"_editorskit_is_block_options_detached":false,"_editorskit_block_options_position":"{}","_uag_custom_page_level_css":"","_kadence_starter_templates_imported_post":false,"_kad_post_transparent":"","_kad_post_title":"","_kad_post_layout":"","_kad_post_sidebar_id":"","_kad_post_content_style":"","_kad_post_vertical_padding":"","_kad_post_feature":"","_kad_post_feature_position":"","_kad_post_header":false,"_kad_post_footer":false,"_kad_post_classname":"","footnotes":""},"categories":[2057],"tags":[],"class_list":["post-231313","post","type-post","status-publish","format-standard","has-post-thumbnail","hentry","category-promocions"],"yoast_head":"<!-- This site is optimized with the Yoast SEO Premium plugin v27.4 (Yoast SEO v27.4) - https:\/\/yoast.com\/product\/yoast-seo-premium-wordpress\/ -->\n<title>Nou val descompte per compres online a Can Vives de Calella<\/title>\n<meta name=\"description\" content=\"A l&#039;e-commerce de Can Vives Calella podr\u00e0s gaudir d&#039;un val descompte fins a final de mar\u00e7. Carn i productes d&#039;elaboraci\u00f3 pr\u00f2pia i de qualitat.\" \/>\n<meta name=\"robots\" content=\"index, follow, max-snippet:-1, max-image-preview:large, max-video-preview:-1\" \/>\n<link rel=\"canonical\" href=\"https:\/\/canvives.cat\/es\/\ud83c\udf81-nuevo-vale-online-un-regalo-de-3-e-por-compras-superiores-a-75-e-en-can-vives\/\" \/>\n<meta property=\"og:locale\" content=\"es_ES\" \/>\n<meta property=\"og:type\" content=\"article\" \/>\n<meta property=\"og:title\" content=\"\ud83c\udf81 Nou val de compra online a Can Vives: 3 \u20ac de regal en compres superiors a 75 \u20ac\" \/>\n<meta property=\"og:description\" content=\"A l&#039;e-commerce de Can Vives Calella podr\u00e0s gaudir d&#039;un val descompte fins a final de mar\u00e7. Carn i productes d&#039;elaboraci\u00f3 pr\u00f2pia i de qualitat.\" \/>\n<meta property=\"og:url\" content=\"https:\/\/canvives.cat\/es\/\ud83c\udf81-nuevo-vale-online-un-regalo-de-3-e-por-compras-superiores-a-75-e-en-can-vives\/\" \/>\n<meta property=\"og:site_name\" content=\"Can Vives carnissers des de 1840\" \/>\n<meta property=\"article:publisher\" content=\"https:\/\/www.facebook.com\/CanVivesCalella\" \/>\n<meta property=\"article:published_time\" content=\"2026-02-24T15:22:58+00:00\" \/>\n<meta property=\"article:modified_time\" content=\"2026-02-25T04:59:37+00:00\" \/>\n<meta property=\"og:image\" content=\"https:\/\/canvives.cat\/wp-content\/uploads\/ChatGPT-Image-24-de-febr.-del-2026-16_15_30.png\" \/>\n\t<meta property=\"og:image:width\" content=\"1536\" \/>\n\t<meta property=\"og:image:height\" content=\"1024\" \/>\n\t<meta property=\"og:image:type\" content=\"image\/png\" \/>\n<meta name=\"author\" content=\"Administrador de Can Vives\" \/>\n<meta name=\"twitter:card\" content=\"summary_large_image\" \/>\n<meta name=\"twitter:label1\" content=\"Escrito por\" \/>\n\t<meta name=\"twitter:data1\" content=\"Administrador de Can Vives\" \/>\n\t<meta name=\"twitter:label2\" content=\"Tiempo de lectura\" \/>\n\t<meta name=\"twitter:data2\" content=\"2 minutos\" \/>\n<script type=\"application\/ld+json\" class=\"yoast-schema-graph\">{\"@context\":\"https:\\\/\\\/schema.org\",\"@graph\":[{\"@type\":\"Article\",\"@id\":\"https:\\\/\\\/canvives.cat\\\/%f0%9f%8e%81-nou-val-de-compra-online-a-can-vives-3-e-de-regal-en-compres-superiors-a-75-e\\\/#article\",\"isPartOf\":{\"@id\":\"https:\\\/\\\/canvives.cat\\\/%f0%9f%8e%81-nou-val-de-compra-online-a-can-vives-3-e-de-regal-en-compres-superiors-a-75-e\\\/\"},\"author\":{\"name\":\"Administrador de Can Vives\",\"@id\":\"https:\\\/\\\/canvives.cat\\\/#\\\/schema\\\/person\\\/0c954695d7dc77560a1a61f9b04afef2\"},\"headline\":\"\ud83c\udf81 Nou val de compra online a Can Vives: 3 \u20ac de regal en compres superiors a 75 \u20ac\",\"datePublished\":\"2026-02-24T15:22:58+00:00\",\"dateModified\":\"2026-02-25T04:59:37+00:00\",\"mainEntityOfPage\":{\"@id\":\"https:\\\/\\\/canvives.cat\\\/%f0%9f%8e%81-nou-val-de-compra-online-a-can-vives-3-e-de-regal-en-compres-superiors-a-75-e\\\/\"},\"wordCount\":282,\"publisher\":{\"@id\":\"https:\\\/\\\/canvives.cat\\\/#organization\"},\"image\":{\"@id\":\"https:\\\/\\\/canvives.cat\\\/%f0%9f%8e%81-nou-val-de-compra-online-a-can-vives-3-e-de-regal-en-compres-superiors-a-75-e\\\/#primaryimage\"},\"thumbnailUrl\":\"https:\\\/\\\/canvives.cat\\\/wp-content\\\/uploads\\\/ChatGPT-Image-24-de-febr.-del-2026-16_15_30.png\",\"articleSection\":[\"Promocions\"],\"inLanguage\":\"es\",\"copyrightYear\":\"2026\",\"copyrightHolder\":{\"@id\":\"https:\\\/\\\/canvives.cat\\\/es\\\/#organization\"}},{\"@type\":\"WebPage\",\"@id\":\"https:\\\/\\\/canvives.cat\\\/%f0%9f%8e%81-nou-val-de-compra-online-a-can-vives-3-e-de-regal-en-compres-superiors-a-75-e\\\/\",\"url\":\"https:\\\/\\\/canvives.cat\\\/%f0%9f%8e%81-nou-val-de-compra-online-a-can-vives-3-e-de-regal-en-compres-superiors-a-75-e\\\/\",\"name\":\"Nou val descompte per compres online a Can Vives de Calella\",\"isPartOf\":{\"@id\":\"https:\\\/\\\/canvives.cat\\\/#website\"},\"primaryImageOfPage\":{\"@id\":\"https:\\\/\\\/canvives.cat\\\/%f0%9f%8e%81-nou-val-de-compra-online-a-can-vives-3-e-de-regal-en-compres-superiors-a-75-e\\\/#primaryimage\"},\"image\":{\"@id\":\"https:\\\/\\\/canvives.cat\\\/%f0%9f%8e%81-nou-val-de-compra-online-a-can-vives-3-e-de-regal-en-compres-superiors-a-75-e\\\/#primaryimage\"},\"thumbnailUrl\":\"https:\\\/\\\/canvives.cat\\\/wp-content\\\/uploads\\\/ChatGPT-Image-24-de-febr.-del-2026-16_15_30.png\",\"datePublished\":\"2026-02-24T15:22:58+00:00\",\"dateModified\":\"2026-02-25T04:59:37+00:00\",\"description\":\"A l'e-commerce de Can Vives Calella podr\u00e0s gaudir d'un val descompte fins a final de mar\u00e7. Carn i productes d'elaboraci\u00f3 pr\u00f2pia i de qualitat.\",\"breadcrumb\":{\"@id\":\"https:\\\/\\\/canvives.cat\\\/%f0%9f%8e%81-nou-val-de-compra-online-a-can-vives-3-e-de-regal-en-compres-superiors-a-75-e\\\/#breadcrumb\"},\"inLanguage\":\"es\",\"potentialAction\":[{\"@type\":\"ReadAction\",\"target\":[\"https:\\\/\\\/canvives.cat\\\/%f0%9f%8e%81-nou-val-de-compra-online-a-can-vives-3-e-de-regal-en-compres-superiors-a-75-e\\\/\"]}]},{\"@type\":\"ImageObject\",\"inLanguage\":\"es\",\"@id\":\"https:\\\/\\\/canvives.cat\\\/%f0%9f%8e%81-nou-val-de-compra-online-a-can-vives-3-e-de-regal-en-compres-superiors-a-75-e\\\/#primaryimage\",\"url\":\"https:\\\/\\\/canvives.cat\\\/wp-content\\\/uploads\\\/ChatGPT-Image-24-de-febr.-del-2026-16_15_30.png\",\"contentUrl\":\"https:\\\/\\\/canvives.cat\\\/wp-content\\\/uploads\\\/ChatGPT-Image-24-de-febr.-del-2026-16_15_30.png\",\"width\":1536,\"height\":1024},{\"@type\":\"BreadcrumbList\",\"@id\":\"https:\\\/\\\/canvives.cat\\\/%f0%9f%8e%81-nou-val-de-compra-online-a-can-vives-3-e-de-regal-en-compres-superiors-a-75-e\\\/#breadcrumb\",\"itemListElement\":[{\"@type\":\"ListItem\",\"position\":1,\"name\":\"Portada\",\"item\":\"https:\\\/\\\/canvives.cat\\\/\"},{\"@type\":\"ListItem\",\"position\":2,\"name\":\"\ud83c\udf81 Nou val de compra online a Can Vives: 3 \u20ac de regal en compres superiors a 75 \u20ac\"}]},{\"@type\":\"WebSite\",\"@id\":\"https:\\\/\\\/canvives.cat\\\/#website\",\"url\":\"https:\\\/\\\/canvives.cat\\\/\",\"name\":\"Can Vives carnissers des de 1840\",\"description\":\"La carnisseria-rostisseria amb m\u00e9s anys d&#039;hist\u00f2ria a Calella i una de les m\u00e9s antigues de Catalunya. Venda a botiga i online de tot tipus de carns, embotits, formatges i plats cuinats. Som carnissers, xarcuters i rostissers.\",\"publisher\":{\"@id\":\"https:\\\/\\\/canvives.cat\\\/#organization\"},\"alternateName\":\"Can Vives Calella\",\"potentialAction\":[{\"@type\":\"SearchAction\",\"target\":{\"@type\":\"EntryPoint\",\"urlTemplate\":\"https:\\\/\\\/canvives.cat\\\/?s={search_term_string}\"},\"query-input\":{\"@type\":\"PropertyValueSpecification\",\"valueRequired\":true,\"valueName\":\"search_term_string\"}}],\"inLanguage\":\"es\"},{\"@type\":[\"Organization\",\"Place\"],\"@id\":\"https:\\\/\\\/canvives.cat\\\/#organization\",\"name\":\"Carnisseria Rostisseria Can Vives\",\"alternateName\":\"Can Vives Calella\",\"url\":\"https:\\\/\\\/canvives.cat\\\/\",\"logo\":{\"@id\":\"https:\\\/\\\/canvives.cat\\\/%f0%9f%8e%81-nou-val-de-compra-online-a-can-vives-3-e-de-regal-en-compres-superiors-a-75-e\\\/#local-main-organization-logo\"},\"image\":{\"@id\":\"https:\\\/\\\/canvives.cat\\\/%f0%9f%8e%81-nou-val-de-compra-online-a-can-vives-3-e-de-regal-en-compres-superiors-a-75-e\\\/#local-main-organization-logo\"},\"sameAs\":[\"https:\\\/\\\/www.facebook.com\\\/CanVivesCalella\",\"https:\\\/\\\/www.instagram.com\\\/canvivescalella\\\/\",\"https:\\\/\\\/www.tiktok.com\\\/@can.vives.calella\"],\"description\":\"\\\"Carns, plats cuinats casolans, embotits de qualitat i elaboraci\u00f3 pr\u00f2pia, vins i caves, delicatessen i formatges. La carnisseria amb m\u00e9s anys d'hist\u00f2ria a Calella i una de les m\u00e9s antigues de Catalunya. Comer\u00e7 tradicional Elaborem els nostres cuinats, hamburgueses, botifarres, croquetes, embotits curats com fuets, llonganisses, lloms curats...\\\"\",\"legalName\":\"VIVES CLOS C.B.\",\"foundingDate\":\"1840-04-25\",\"numberOfEmployees\":{\"@type\":\"QuantitativeValue\",\"minValue\":\"1\",\"maxValue\":\"10\"},\"address\":{\"@id\":\"https:\\\/\\\/canvives.cat\\\/%f0%9f%8e%81-nou-val-de-compra-online-a-can-vives-3-e-de-regal-en-compres-superiors-a-75-e\\\/#local-main-place-address\"},\"telephone\":[\"937690224\"],\"contactPoint\":{\"@type\":\"ContactPoint\",\"telephone\":\"662965320\",\"email\":\"canvives@canvives.cat\"},\"openingHoursSpecification\":[{\"@type\":\"OpeningHoursSpecification\",\"dayOfWeek\":[\"Monday\",\"Tuesday\",\"Wednesday\",\"Thursday\",\"Friday\",\"Saturday\",\"Sunday\"],\"opens\":\"09:00\",\"closes\":\"17:00\"}],\"email\":\"canvives@canvives.cat\",\"vatID\":\"E60450871\"},{\"@type\":\"Person\",\"@id\":\"https:\\\/\\\/canvives.cat\\\/#\\\/schema\\\/person\\\/0c954695d7dc77560a1a61f9b04afef2\",\"name\":\"Administrador de Can Vives\",\"sameAs\":[\"http:\\\/\\\/www.canvives.cat\"]},{\"@type\":\"PostalAddress\",\"@id\":\"https:\\\/\\\/canvives.cat\\\/%f0%9f%8e%81-nou-val-de-compra-online-a-can-vives-3-e-de-regal-en-compres-superiors-a-75-e\\\/#local-main-place-address\",\"streetAddress\":\"Calle Sant Joan 89\",\"addressLocality\":\"Calella\",\"postalCode\":\"08370\",\"addressRegion\":\"Barcelona\",\"addressCountry\":\"ES\"},{\"@type\":\"ImageObject\",\"inLanguage\":\"es\",\"@id\":\"https:\\\/\\\/canvives.cat\\\/%f0%9f%8e%81-nou-val-de-compra-online-a-can-vives-3-e-de-regal-en-compres-superiors-a-75-e\\\/#local-main-organization-logo\",\"url\":\"https:\\\/\\\/canvives.cat\\\/wp-content\\\/uploads\\\/logopng512.png\",\"contentUrl\":\"https:\\\/\\\/canvives.cat\\\/wp-content\\\/uploads\\\/logopng512.png\",\"width\":512,\"height\":512,\"caption\":\"Carnisseria Rostisseria Can Vives\"}]}<\/script>\n<meta name=\"geo.placename\" content=\"Calella\" \/>\n<meta name=\"geo.region\" content=\"Espa\u00f1a\" \/>\n<!-- \/ Yoast SEO Premium plugin. -->","yoast_head_json":{"title":"Nuevo vale de descuento para compras online en Can Vives de Calella","description":"En la p\u00e1gina web de Can Vives Calella, podr\u00e1s disfrutar de un vale de descuento hasta finales de marzo. Carne de calidad y productos caseros.","robots":{"index":"index","follow":"follow","max-snippet":"max-snippet:-1","max-image-preview":"max-image-preview:large","max-video-preview":"max-video-preview:-1"},"canonical":"https:\/\/canvives.cat\/es\/\ud83c\udf81-nuevo-vale-online-un-regalo-de-3-e-por-compras-superiores-a-75-e-en-can-vives\/","og_locale":"es_ES","og_type":"article","og_title":"\ud83c\udf81 Nou val de compra online a Can Vives: 3 \u20ac de regal en compres superiors a 75 \u20ac","og_description":"A l'e-commerce de Can Vives Calella podr\u00e0s gaudir d'un val descompte fins a final de mar\u00e7. Carn i productes d'elaboraci\u00f3 pr\u00f2pia i de qualitat.","og_url":"https:\/\/canvives.cat\/es\/\ud83c\udf81-nuevo-vale-online-un-regalo-de-3-e-por-compras-superiores-a-75-e-en-can-vives\/","og_site_name":"Can Vives carnissers des de 1840","article_publisher":"https:\/\/www.facebook.com\/CanVivesCalella","article_published_time":"2026-02-24T15:22:58+00:00","article_modified_time":"2026-02-25T04:59:37+00:00","og_image":[{"width":1536,"height":1024,"url":"https:\/\/canvives.cat\/wp-content\/uploads\/ChatGPT-Image-24-de-febr.-del-2026-16_15_30.png","type":"image\/png"}],"author":"Administrador de Can Vives","twitter_card":"summary_large_image","twitter_misc":{"Escrito por":"Administrador de Can Vives","Tiempo de lectura":"2 minutos"},"schema":{"@context":"https:\/\/schema.org","@graph":[{"@type":"Article","@id":"https:\/\/canvives.cat\/%f0%9f%8e%81-nou-val-de-compra-online-a-can-vives-3-e-de-regal-en-compres-superiors-a-75-e\/#article","isPartOf":{"@id":"https:\/\/canvives.cat\/%f0%9f%8e%81-nou-val-de-compra-online-a-can-vives-3-e-de-regal-en-compres-superiors-a-75-e\/"},"author":{"name":"Administrador de Can Vives","@id":"https:\/\/canvives.cat\/#\/schema\/person\/0c954695d7dc77560a1a61f9b04afef2"},"headline":"\ud83c\udf81 Nou val de compra online a Can Vives: 3 \u20ac de regal en compres superiors a 75 \u20ac","datePublished":"2026-02-24T15:22:58+00:00","dateModified":"2026-02-25T04:59:37+00:00","mainEntityOfPage":{"@id":"https:\/\/canvives.cat\/%f0%9f%8e%81-nou-val-de-compra-online-a-can-vives-3-e-de-regal-en-compres-superiors-a-75-e\/"},"wordCount":282,"publisher":{"@id":"https:\/\/canvives.cat\/#organization"},"image":{"@id":"https:\/\/canvives.cat\/%f0%9f%8e%81-nou-val-de-compra-online-a-can-vives-3-e-de-regal-en-compres-superiors-a-75-e\/#primaryimage"},"thumbnailUrl":"https:\/\/canvives.cat\/wp-content\/uploads\/ChatGPT-Image-24-de-febr.-del-2026-16_15_30.png","articleSection":["Promocions"],"inLanguage":"es","copyrightYear":"2026","copyrightHolder":{"@id":"https:\/\/canvives.cat\/es\/#organization"}},{"@type":"WebPage","@id":"https:\/\/canvives.cat\/%f0%9f%8e%81-nou-val-de-compra-online-a-can-vives-3-e-de-regal-en-compres-superiors-a-75-e\/","url":"https:\/\/canvives.cat\/%f0%9f%8e%81-nou-val-de-compra-online-a-can-vives-3-e-de-regal-en-compres-superiors-a-75-e\/","name":"Nuevo vale de descuento para compras online en Can Vives de Calella","isPartOf":{"@id":"https:\/\/canvives.cat\/#website"},"primaryImageOfPage":{"@id":"https:\/\/canvives.cat\/%f0%9f%8e%81-nou-val-de-compra-online-a-can-vives-3-e-de-regal-en-compres-superiors-a-75-e\/#primaryimage"},"image":{"@id":"https:\/\/canvives.cat\/%f0%9f%8e%81-nou-val-de-compra-online-a-can-vives-3-e-de-regal-en-compres-superiors-a-75-e\/#primaryimage"},"thumbnailUrl":"https:\/\/canvives.cat\/wp-content\/uploads\/ChatGPT-Image-24-de-febr.-del-2026-16_15_30.png","datePublished":"2026-02-24T15:22:58+00:00","dateModified":"2026-02-25T04:59:37+00:00","description":"En la p\u00e1gina web de Can Vives Calella, podr\u00e1s disfrutar de un vale de descuento hasta finales de marzo. Carne de calidad y productos caseros.","breadcrumb":{"@id":"https:\/\/canvives.cat\/%f0%9f%8e%81-nou-val-de-compra-online-a-can-vives-3-e-de-regal-en-compres-superiors-a-75-e\/#breadcrumb"},"inLanguage":"es","potentialAction":[{"@type":"ReadAction","target":["https:\/\/canvives.cat\/%f0%9f%8e%81-nou-val-de-compra-online-a-can-vives-3-e-de-regal-en-compres-superiors-a-75-e\/"]}]},{"@type":"ImageObject","inLanguage":"es","@id":"https:\/\/canvives.cat\/%f0%9f%8e%81-nou-val-de-compra-online-a-can-vives-3-e-de-regal-en-compres-superiors-a-75-e\/#primaryimage","url":"https:\/\/canvives.cat\/wp-content\/uploads\/ChatGPT-Image-24-de-febr.-del-2026-16_15_30.png","contentUrl":"https:\/\/canvives.cat\/wp-content\/uploads\/ChatGPT-Image-24-de-febr.-del-2026-16_15_30.png","width":1536,"height":1024},{"@type":"BreadcrumbList","@id":"https:\/\/canvives.cat\/%f0%9f%8e%81-nou-val-de-compra-online-a-can-vives-3-e-de-regal-en-compres-superiors-a-75-e\/#breadcrumb","itemListElement":[{"@type":"ListItem","position":1,"name":"Portada","item":"https:\/\/canvives.cat\/"},{"@type":"ListItem","position":2,"name":"\ud83c\udf81 Nou val de compra online a Can Vives: 3 \u20ac de regal en compres superiors a 75 \u20ac"}]},{"@type":"WebSite","@id":"https:\/\/canvives.cat\/#website","url":"https:\/\/canvives.cat\/","name":"Can Vives carniceros desde 1840","description":"La carniceria-asador con m\u00e1s a\u00f1os de historia en Calella y una de las m\u00e1s antiguas de Catalu\u00f1a. Venta en tienda y online de todo tipo de carnes, embutidos, quesos y platos preparados. Somos carniceros, charcuteros y asadores.","publisher":{"@id":"https:\/\/canvives.cat\/#organization"},"alternateName":"Can Vives Calella","potentialAction":[{"@type":"SearchAction","target":{"@type":"EntryPoint","urlTemplate":"https:\/\/canvives.cat\/?s={search_term_string}"},"query-input":{"@type":"PropertyValueSpecification","valueRequired":true,"valueName":"search_term_string"}}],"inLanguage":"es"},{"@type":["Organization","Place"],"@id":"https:\/\/canvives.cat\/#organization","name":"Carnicer\u00eda y Asador Can Vives","alternateName":"Can Vives Calella","url":"https:\/\/canvives.cat\/","logo":{"@id":"https:\/\/canvives.cat\/%f0%9f%8e%81-nou-val-de-compra-online-a-can-vives-3-e-de-regal-en-compres-superiors-a-75-e\/#local-main-organization-logo"},"image":{"@id":"https:\/\/canvives.cat\/%f0%9f%8e%81-nou-val-de-compra-online-a-can-vives-3-e-de-regal-en-compres-superiors-a-75-e\/#local-main-organization-logo"},"sameAs":["https:\/\/www.facebook.com\/CanVivesCalella","https:\/\/www.instagram.com\/canvivescalella\/","https:\/\/www.tiktok.com\/@can.vives.calella"],"description":"\"Carnes, platos caseros, embutidos de calidad y especialidades propias, vinos y cavas, delicatessen y quesos. La carnicer\\u00eda con m\\u00e1s historia de Calella y una de las m\\u00e1s antiguas de Catalu\\u00f1a. Somos un negocio tradicional y elaboramos nuestras propias carnes cocidas, hamburguesas, salchichas, croquetas, embutidos como fuet, longaniza, lomos curados...\"","legalName":"VIVES CLOS C.B.","foundingDate":"1840-04-25","numberOfEmployees":{"@type":"QuantitativeValue","minValue":"1","maxValue":"10"},"address":{"@id":"https:\/\/canvives.cat\/%f0%9f%8e%81-nou-val-de-compra-online-a-can-vives-3-e-de-regal-en-compres-superiors-a-75-e\/#local-main-place-address"},"telephone":["937690224"],"contactPoint":{"@type":"ContactPoint","telephone":"662965320","email":"canvives@canvives.cat"},"openingHoursSpecification":[{"@type":"OpeningHoursSpecification","dayOfWeek":["Monday","Tuesday","Wednesday","Thursday","Friday","Saturday","Sunday"],"opens":"09:00","closes":"17:00"}],"email":"canvives@canvives.cat","vatID":"E60450871"},{"@type":"Person","@id":"https:\/\/canvives.cat\/#\/schema\/person\/0c954695d7dc77560a1a61f9b04afef2","name":"Gerente de Can Vives","sameAs":["http:\/\/www.canvives.cat"]},{"@type":"PostalAddress","@id":"https:\/\/canvives.cat\/%f0%9f%8e%81-nou-val-de-compra-online-a-can-vives-3-e-de-regal-en-compres-superiors-a-75-e\/#local-main-place-address","streetAddress":"Calle Sant Joan 89","addressLocality":"Calella","postalCode":"08370","addressRegion":"Barcelona","addressCountry":"ES"},{"@type":"ImageObject","inLanguage":"es","@id":"https:\/\/canvives.cat\/%f0%9f%8e%81-nou-val-de-compra-online-a-can-vives-3-e-de-regal-en-compres-superiors-a-75-e\/#local-main-organization-logo","url":"https:\/\/canvives.cat\/wp-content\/uploads\/logopng512.png","contentUrl":"https:\/\/canvives.cat\/wp-content\/uploads\/logopng512.png","width":512,"height":512,"caption":"Carnisseria Rostisseria Can Vives"}]},"geo.placename":"Calella","geo.region":"Espa\u00f1a"},"uagb_featured_image_src":{"full":["https:\/\/canvives.cat\/wp-content\/uploads\/ChatGPT-Image-24-de-febr.-del-2026-16_15_30.png",1536,1024,false],"thumbnail":["https:\/\/canvives.cat\/wp-content\/uploads\/ChatGPT-Image-24-de-febr.-del-2026-16_15_30-300x300.png",300,300,true],"medium":["https:\/\/canvives.cat\/wp-content\/uploads\/ChatGPT-Image-24-de-febr.-del-2026-16_15_30-600x400.png",600,400,true],"medium_large":["https:\/\/canvives.cat\/wp-content\/uploads\/ChatGPT-Image-24-de-febr.-del-2026-16_15_30-768x512.png",768,512,true],"large":["https:\/\/canvives.cat\/wp-content\/uploads\/ChatGPT-Image-24-de-febr.-del-2026-16_15_30.png",1536,1024,false],"1536x1536":["https:\/\/canvives.cat\/wp-content\/uploads\/ChatGPT-Image-24-de-febr.-del-2026-16_15_30.png",1536,1024,false],"2048x2048":["https:\/\/canvives.cat\/wp-content\/uploads\/ChatGPT-Image-24-de-febr.-del-2026-16_15_30.png",1536,1024,false],"trp-custom-language-flag":["https:\/\/canvives.cat\/wp-content\/uploads\/ChatGPT-Image-24-de-febr.-del-2026-16_15_30-18x12.png",18,12,true],"woocommerce_thumbnail":["https:\/\/canvives.cat\/wp-content\/uploads\/ChatGPT-Image-24-de-febr.-del-2026-16_15_30-300x300.png",300,300,true],"woocommerce_single":["https:\/\/canvives.cat\/wp-content\/uploads\/ChatGPT-Image-24-de-febr.-del-2026-16_15_30-600x400.png",600,400,true],"woocommerce_gallery_thumbnail":["https:\/\/canvives.cat\/wp-content\/uploads\/ChatGPT-Image-24-de-febr.-del-2026-16_15_30-100x100.png",100,100,true]},"uagb_author_info":{"display_name":"Administrador de Can Vives","author_link":"https:\/\/canvives.cat\/es\/author\/canvives\/"},"uagb_comment_info":0,"uagb_excerpt":"A Can Vives \u2013 carnisseria i xarcuteria artesanal de Calella des de 1840 posem en marxa una nova promoci\u00f3 exclusiva per als nostres clients online. Si fas una compra superior a 75 \u20ac a la nostra botiga online, t\u2019emportes 3 \u20ac de regal per aplicar directament a la teva comanda. Com funciona el val de...","_links":{"self":[{"href":"https:\/\/canvives.cat\/es\/wp-json\/wp\/v2\/posts\/231313","targetHints":{"allow":["GET"]}}],"collection":[{"href":"https:\/\/canvives.cat\/es\/wp-json\/wp\/v2\/posts"}],"about":[{"href":"https:\/\/canvives.cat\/es\/wp-json\/wp\/v2\/types\/post"}],"author":[{"embeddable":true,"href":"https:\/\/canvives.cat\/es\/wp-json\/wp\/v2\/users\/6"}],"replies":[{"embeddable":true,"href":"https:\/\/canvives.cat\/es\/wp-json\/wp\/v2\/comments?post=231313"}],"version-history":[{"count":0,"href":"https:\/\/canvives.cat\/es\/wp-json\/wp\/v2\/posts\/231313\/revisions"}],"wp:featuredmedia":[{"embeddable":true,"href":"https:\/\/canvives.cat\/es\/wp-json\/wp\/v2\/media\/231314"}],"wp:attachment":[{"href":"https:\/\/canvives.cat\/es\/wp-json\/wp\/v2\/media?parent=231313"}],"wp:term":[{"taxonomy":"category","embeddable":true,"href":"https:\/\/canvives.cat\/es\/wp-json\/wp\/v2\/categories?post=231313"},{"taxonomy":"post_tag","embeddable":true,"href":"https:\/\/canvives.cat\/es\/wp-json\/wp\/v2\/tags?post=231313"}],"curies":[{"name":"wp","href":"https:\/\/api.w.org\/{rel}","templated":true}]}}