{"id":231222,"date":"2026-02-18T16:07:28","date_gmt":"2026-02-18T15:07:28","guid":{"rendered":"https:\/\/canvives.cat\/?p=231222"},"modified":"2026-02-21T19:31:29","modified_gmt":"2026-02-21T18:31:29","slug":"lee-nuestra-entrevista-en-calella-comunicacio","status":"publish","type":"post","link":"https:\/\/canvives.cat\/es\/llegeix-la-nostra-entrevista-a-calella-comunicacio\/","title":{"rendered":"Lee nuestra entrevista en Calella Comunicaci\u00f3"},"content":{"rendered":"<p><a href=\"https:\/\/www.calella.com\/2026\/02\/01\/carnisseria-can-vives-la-confianca-va-mes-enlla-del-comerc-del-barri\/\" target=\"_blank\" rel=\"noreferrer noopener\">Entrevista: <em>Can Vives<\/em> a <em>Comunicaci\u00f3n Calella<\/em> \u2014 La confianza va m\u00e1s all\u00e1 de la tienda local.<\/a><\/p>\n\n\n      \n\t\t\t<div class=\"uagb-icon-wrapper uagb-block-20e588f3\"\n\t\t\tstyle=\"\" >\n\t\t\t\t\t\t\t\t\t<span class=\"uagb-svg-wrapper\" \n\t\t\t\t\t aria-label=\"marca circular\"\t\t\t\t\ttabindex=\"0\">\t\t\n\t\t\t\t\t\t\t\t\t\t<svg xmlns=\"https:\/\/www.w3.org\/2000\/svg\" viewbox= \"0 0 512 512\" role=\"graphics-symbol\" aria-hidden=\"false\" aria-label=\"\"><path d=\"M0 256C0 114.6 114.6 0 256 0C397.4 0 512 114.6 512 256C512 397.4 397.4 512 256 512C114.6 512 0 397.4 0 256zM371.8 211.8C382.7 200.9 382.7 183.1 371.8 172.2C360.9 161.3 343.1 161.3 332.2 172.2L224 280.4L179.8 236.2C168.9 225.3 151.1 225.3 140.2 236.2C129.3 247.1 129.3 264.9 140.2 275.8L204.2 339.8C215.1 350.7 232.9 350.7 243.8 339.8L371.8 211.8z\"><\/path><\/svg>\n\t\t\t\t\t\t\t\t\t<\/span>\n\t\t\t\t\t\t\t<\/div>\n\t\t\t\n\n\n<p><strong>Can Vives<\/strong>, una carnicer\u00eda y charcuter\u00eda con historia en <strong>Calella (Maresme)<\/strong> desde <strong>1840<\/strong>, fue la \u00faltima estrella del espacio comercial local en <em>Comunicaci\u00f3n Calella<\/em>. En esta conversaci\u00f3n, en <strong>Mateu y Nuri Vives<\/strong>, sexta generaci\u00f3n al frente del negocio, revisa casi <strong>Dos siglos de artesan\u00eda, tradici\u00f3n y adaptaci\u00f3n. <\/strong>Carnicer\u00eda Can Vives: \u201cLa confianza va m\u00e1s all\u00e1 del comercio de barrio\u201d ha sido una m\u00e1xima que ha definido su trayectoria.<\/p>\n\n\n\n<h3 class=\"wp-block-heading\" id=\"h-origen-i-trajectoria-del-negoci-familiar\">Origen y trayectoria de la empresa familiar<\/h3>\n\n\n\n<p>La tienda comenz\u00f3 el a\u00f1o. <strong><a href=\"https:\/\/canvives.cat\/es\/sobre-nosotros\/\">1840 en Vallgorguina<\/a><\/strong> y r\u00e1pidamente se instal\u00f3 <strong>Calella<\/strong>, convirti\u00e9ndose en un referente en carne y productos frescos para generaciones de vecinos y clientes ocasionales. La historia de la familia en el sector ha evolucionado con las necesidades del mercado, pasando de la simple venta de carne de vacuno a la producci\u00f3n propia de <strong><a href=\"https:\/\/canvives.cat\/es\/tienda\/\">Delicatessen, platos cocinados y productos artesanales<\/a><\/strong>.<\/p>\n\n\n\n<h3 class=\"wp-block-heading\" id=\"h-tradicio-que-es-renova\"> Una tradici\u00f3n renovada<\/h3>\n\n\n\n<p>En la conversaci\u00f3n, destacan que la clave de su continuidad ha sido <strong>Adaptarse a los nuevos tiempos<\/strong> Sin perder su esencia: desde la artesan\u00eda tradicional hasta la incorporaci\u00f3n de platos cocinados y creaciones propias dise\u00f1adas para los clientes de hoy en d\u00eda. Esto ha facilitado que la tienda siga siendo relevante tanto para la clientela local como para los visitantes.<\/p>\n\n\n\n<h3 class=\"wp-block-heading\" id=\"h-la-relacio-amb-la-clientela-i-el-reconeixement-local\"> La relaci\u00f3n con la clientela y el reconocimiento local<\/h3>\n\n\n\n<p>Un aspecto recurrente de la entrevista es el valor de la relaci\u00f3n de confianza con la comunidad de <strong>Calella<\/strong>. Seg\u00fan ellos, la clientela fiel y el apoyo de los vecinos y las instituciones han sido factores clave para mantener el negocio a\u00f1o tras a\u00f1o, incluso en momentos dif\u00edciles, como aver\u00edas t\u00e9cnicas o crisis sectoriales.<\/p>\n\n\n\n<h3 class=\"wp-block-heading\" id=\"h-un-comerc-centenari-amb-identitat-propia\">Una empresa centenaria con identidad propia.<\/h3>\n\n\n\n<p>Can Vives forma parte del panorama comercial de Calella y es reconocido como un establecimiento con tradici\u00f3n dentro de la localidad. <strong>Tiendas centenarias catalanas<\/strong>, lo que refuerza su relevancia como marca local con <strong>Patrimonio y valor social<\/strong>.<\/p>\n\n\n\n<p><\/p>","protected":false},"excerpt":{"rendered":"<p>Entrevista: Can Vives en Calella Comunicaci\u00f3 \u2014 La confianza va m\u00e1s all\u00e1 de la tienda del barrio. Can Vives, carnicer\u00eda y charcuter\u00eda con historia en Calella (Maresme) desde 1840, fue la \u00faltima protagonista del segmento de comercio local en Calella Comunicaci\u00f3. En esta conversaci\u00f3n, Mateu y Nuri Vives, la sexta generaci\u00f3n al frente de...<\/p>","protected":false},"author":6,"featured_media":231223,"comment_status":"closed","ping_status":"closed","sticky":false,"template":"","format":"standard","meta":{"_editorskit_title_hidden":false,"_editorskit_reading_time":0,"_editorskit_is_block_options_detached":false,"_editorskit_block_options_position":"{}","_uag_custom_page_level_css":"","_kadence_starter_templates_imported_post":false,"_kad_post_transparent":"","_kad_post_title":"","_kad_post_layout":"","_kad_post_sidebar_id":"","_kad_post_content_style":"","_kad_post_vertical_padding":"","_kad_post_feature":"","_kad_post_feature_position":"","_kad_post_header":false,"_kad_post_footer":false,"_kad_post_classname":"","footnotes":""},"categories":[256],"tags":[],"class_list":["post-231222","post","type-post","status-publish","format-standard","has-post-thumbnail","hentry","category-noticies"],"yoast_head":"<!-- This site is optimized with the Yoast SEO Premium plugin v27.4 (Yoast SEO v27.4) - https:\/\/yoast.com\/product\/yoast-seo-premium-wordpress\/ -->\n<title>Llegeix la nostra entrevista a Calella Comunicaci\u00f3<\/title>\n<meta name=\"description\" content=\"Descobreix l\u2019entrevista a Can Vives, carnisseria i xarcuteria amb hist\u00f2ria a Calella (Maresme) des de 1840.\" \/>\n<meta name=\"robots\" content=\"index, follow, max-snippet:-1, max-image-preview:large, max-video-preview:-1\" \/>\n<link rel=\"canonical\" href=\"https:\/\/canvives.cat\/es\/lee-nuestra-entrevista-en-calella-comunicacio\/\" \/>\n<meta property=\"og:locale\" content=\"es_ES\" \/>\n<meta property=\"og:type\" content=\"article\" \/>\n<meta property=\"og:title\" content=\"Llegeix la nostra entrevista a Calella Comunicaci\u00f3\" \/>\n<meta property=\"og:description\" content=\"Descobreix l\u2019entrevista a Can Vives, carnisseria i xarcuteria amb hist\u00f2ria a Calella (Maresme) des de 1840.\" \/>\n<meta property=\"og:url\" content=\"https:\/\/canvives.cat\/es\/lee-nuestra-entrevista-en-calella-comunicacio\/\" \/>\n<meta property=\"og:site_name\" content=\"Can Vives carnissers des de 1840\" \/>\n<meta property=\"article:publisher\" content=\"https:\/\/www.facebook.com\/CanVivesCalella\" \/>\n<meta property=\"article:published_time\" content=\"2026-02-18T15:07:28+00:00\" \/>\n<meta property=\"article:modified_time\" content=\"2026-02-21T18:31:29+00:00\" \/>\n<meta property=\"og:image\" content=\"https:\/\/canvives.cat\/wp-content\/uploads\/nuri-mateu-vives-800x419-1.jpg\" \/>\n\t<meta property=\"og:image:width\" content=\"800\" \/>\n\t<meta property=\"og:image:height\" content=\"419\" \/>\n\t<meta property=\"og:image:type\" content=\"image\/jpeg\" \/>\n<meta name=\"author\" content=\"Administrador de Can Vives\" \/>\n<meta name=\"twitter:card\" content=\"summary_large_image\" \/>\n<meta name=\"twitter:label1\" content=\"Escrito por\" \/>\n\t<meta name=\"twitter:data1\" content=\"Administrador de Can Vives\" \/>\n\t<meta name=\"twitter:label2\" content=\"Tiempo de lectura\" \/>\n\t<meta name=\"twitter:data2\" content=\"2 minutos\" \/>\n<script type=\"application\/ld+json\" class=\"yoast-schema-graph\">{\"@context\":\"https:\\\/\\\/schema.org\",\"@graph\":[{\"@type\":\"Article\",\"@id\":\"https:\\\/\\\/canvives.cat\\\/llegeix-la-nostra-entrevista-a-calella-comunicacio\\\/#article\",\"isPartOf\":{\"@id\":\"https:\\\/\\\/canvives.cat\\\/llegeix-la-nostra-entrevista-a-calella-comunicacio\\\/\"},\"author\":{\"name\":\"Administrador de Can Vives\",\"@id\":\"https:\\\/\\\/canvives.cat\\\/#\\\/schema\\\/person\\\/0c954695d7dc77560a1a61f9b04afef2\"},\"headline\":\"Llegeix la nostra entrevista a Calella Comunicaci\u00f3\",\"datePublished\":\"2026-02-18T15:07:28+00:00\",\"dateModified\":\"2026-02-21T18:31:29+00:00\",\"mainEntityOfPage\":{\"@id\":\"https:\\\/\\\/canvives.cat\\\/llegeix-la-nostra-entrevista-a-calella-comunicacio\\\/\"},\"wordCount\":355,\"publisher\":{\"@id\":\"https:\\\/\\\/canvives.cat\\\/#organization\"},\"image\":{\"@id\":\"https:\\\/\\\/canvives.cat\\\/llegeix-la-nostra-entrevista-a-calella-comunicacio\\\/#primaryimage\"},\"thumbnailUrl\":\"https:\\\/\\\/canvives.cat\\\/wp-content\\\/uploads\\\/nuri-mateu-vives-800x419-1.jpg\",\"articleSection\":[\"Not\u00edcies\"],\"inLanguage\":\"es\",\"copyrightYear\":\"2026\",\"copyrightHolder\":{\"@id\":\"https:\\\/\\\/canvives.cat\\\/es\\\/#organization\"}},{\"@type\":\"WebPage\",\"@id\":\"https:\\\/\\\/canvives.cat\\\/llegeix-la-nostra-entrevista-a-calella-comunicacio\\\/\",\"url\":\"https:\\\/\\\/canvives.cat\\\/llegeix-la-nostra-entrevista-a-calella-comunicacio\\\/\",\"name\":\"Llegeix la nostra entrevista a Calella Comunicaci\u00f3\",\"isPartOf\":{\"@id\":\"https:\\\/\\\/canvives.cat\\\/#website\"},\"primaryImageOfPage\":{\"@id\":\"https:\\\/\\\/canvives.cat\\\/llegeix-la-nostra-entrevista-a-calella-comunicacio\\\/#primaryimage\"},\"image\":{\"@id\":\"https:\\\/\\\/canvives.cat\\\/llegeix-la-nostra-entrevista-a-calella-comunicacio\\\/#primaryimage\"},\"thumbnailUrl\":\"https:\\\/\\\/canvives.cat\\\/wp-content\\\/uploads\\\/nuri-mateu-vives-800x419-1.jpg\",\"datePublished\":\"2026-02-18T15:07:28+00:00\",\"dateModified\":\"2026-02-21T18:31:29+00:00\",\"description\":\"Descobreix l\u2019entrevista a Can Vives, carnisseria i xarcuteria amb hist\u00f2ria a Calella (Maresme) des de 1840.\",\"breadcrumb\":{\"@id\":\"https:\\\/\\\/canvives.cat\\\/llegeix-la-nostra-entrevista-a-calella-comunicacio\\\/#breadcrumb\"},\"inLanguage\":\"es\",\"potentialAction\":[{\"@type\":\"ReadAction\",\"target\":[\"https:\\\/\\\/canvives.cat\\\/llegeix-la-nostra-entrevista-a-calella-comunicacio\\\/\"]}]},{\"@type\":\"ImageObject\",\"inLanguage\":\"es\",\"@id\":\"https:\\\/\\\/canvives.cat\\\/llegeix-la-nostra-entrevista-a-calella-comunicacio\\\/#primaryimage\",\"url\":\"https:\\\/\\\/canvives.cat\\\/wp-content\\\/uploads\\\/nuri-mateu-vives-800x419-1.jpg\",\"contentUrl\":\"https:\\\/\\\/canvives.cat\\\/wp-content\\\/uploads\\\/nuri-mateu-vives-800x419-1.jpg\",\"width\":800,\"height\":419},{\"@type\":\"BreadcrumbList\",\"@id\":\"https:\\\/\\\/canvives.cat\\\/llegeix-la-nostra-entrevista-a-calella-comunicacio\\\/#breadcrumb\",\"itemListElement\":[{\"@type\":\"ListItem\",\"position\":1,\"name\":\"Portada\",\"item\":\"https:\\\/\\\/canvives.cat\\\/\"},{\"@type\":\"ListItem\",\"position\":2,\"name\":\"Llegeix la nostra entrevista a Calella Comunicaci\u00f3\"}]},{\"@type\":\"WebSite\",\"@id\":\"https:\\\/\\\/canvives.cat\\\/#website\",\"url\":\"https:\\\/\\\/canvives.cat\\\/\",\"name\":\"Can Vives carnissers des de 1840\",\"description\":\"La carnisseria-rostisseria amb m\u00e9s anys d&#039;hist\u00f2ria a Calella i una de les m\u00e9s antigues de Catalunya. Venda a botiga i online de tot tipus de carns, embotits, formatges i plats cuinats. Som carnissers, xarcuters i rostissers.\",\"publisher\":{\"@id\":\"https:\\\/\\\/canvives.cat\\\/#organization\"},\"alternateName\":\"Can Vives Calella\",\"potentialAction\":[{\"@type\":\"SearchAction\",\"target\":{\"@type\":\"EntryPoint\",\"urlTemplate\":\"https:\\\/\\\/canvives.cat\\\/?s={search_term_string}\"},\"query-input\":{\"@type\":\"PropertyValueSpecification\",\"valueRequired\":true,\"valueName\":\"search_term_string\"}}],\"inLanguage\":\"es\"},{\"@type\":[\"Organization\",\"Place\"],\"@id\":\"https:\\\/\\\/canvives.cat\\\/#organization\",\"name\":\"Carnisseria Rostisseria Can Vives\",\"alternateName\":\"Can Vives Calella\",\"url\":\"https:\\\/\\\/canvives.cat\\\/\",\"logo\":{\"@id\":\"https:\\\/\\\/canvives.cat\\\/llegeix-la-nostra-entrevista-a-calella-comunicacio\\\/#local-main-organization-logo\"},\"image\":{\"@id\":\"https:\\\/\\\/canvives.cat\\\/llegeix-la-nostra-entrevista-a-calella-comunicacio\\\/#local-main-organization-logo\"},\"sameAs\":[\"https:\\\/\\\/www.facebook.com\\\/CanVivesCalella\",\"https:\\\/\\\/www.instagram.com\\\/canvivescalella\\\/\",\"https:\\\/\\\/www.tiktok.com\\\/@can.vives.calella\"],\"description\":\"\\\"Carns, plats cuinats casolans, embotits de qualitat i elaboraci\u00f3 pr\u00f2pia, vins i caves, delicatessen i formatges. La carnisseria amb m\u00e9s anys d'hist\u00f2ria a Calella i una de les m\u00e9s antigues de Catalunya. Comer\u00e7 tradicional Elaborem els nostres cuinats, hamburgueses, botifarres, croquetes, embotits curats com fuets, llonganisses, lloms curats...\\\"\",\"legalName\":\"VIVES CLOS C.B.\",\"foundingDate\":\"1840-04-25\",\"numberOfEmployees\":{\"@type\":\"QuantitativeValue\",\"minValue\":\"1\",\"maxValue\":\"10\"},\"address\":{\"@id\":\"https:\\\/\\\/canvives.cat\\\/llegeix-la-nostra-entrevista-a-calella-comunicacio\\\/#local-main-place-address\"},\"telephone\":[\"937690224\"],\"contactPoint\":{\"@type\":\"ContactPoint\",\"telephone\":\"662965320\",\"email\":\"canvives@canvives.cat\"},\"openingHoursSpecification\":[{\"@type\":\"OpeningHoursSpecification\",\"dayOfWeek\":[\"Monday\",\"Tuesday\",\"Wednesday\",\"Thursday\",\"Friday\",\"Saturday\",\"Sunday\"],\"opens\":\"09:00\",\"closes\":\"17:00\"}],\"email\":\"canvives@canvives.cat\",\"vatID\":\"E60450871\"},{\"@type\":\"Person\",\"@id\":\"https:\\\/\\\/canvives.cat\\\/#\\\/schema\\\/person\\\/0c954695d7dc77560a1a61f9b04afef2\",\"name\":\"Administrador de Can Vives\",\"sameAs\":[\"http:\\\/\\\/www.canvives.cat\"]},{\"@type\":\"PostalAddress\",\"@id\":\"https:\\\/\\\/canvives.cat\\\/llegeix-la-nostra-entrevista-a-calella-comunicacio\\\/#local-main-place-address\",\"streetAddress\":\"Calle Sant Joan 89\",\"addressLocality\":\"Calella\",\"postalCode\":\"08370\",\"addressRegion\":\"Barcelona\",\"addressCountry\":\"ES\"},{\"@type\":\"ImageObject\",\"inLanguage\":\"es\",\"@id\":\"https:\\\/\\\/canvives.cat\\\/llegeix-la-nostra-entrevista-a-calella-comunicacio\\\/#local-main-organization-logo\",\"url\":\"https:\\\/\\\/canvives.cat\\\/wp-content\\\/uploads\\\/logopng512.png\",\"contentUrl\":\"https:\\\/\\\/canvives.cat\\\/wp-content\\\/uploads\\\/logopng512.png\",\"width\":512,\"height\":512,\"caption\":\"Carnisseria Rostisseria Can Vives\"}]}<\/script>\n<meta name=\"geo.placename\" content=\"Calella\" \/>\n<meta name=\"geo.region\" content=\"Espa\u00f1a\" \/>\n<!-- \/ Yoast SEO Premium plugin. -->","yoast_head_json":{"title":"Lee nuestra entrevista en Calella Comunicaci\u00f3","description":"Descubre la entrevista con Can Vives, una carnicer\u00eda y charcuter\u00eda con historia en Calella (Maresme) desde 1840.","robots":{"index":"index","follow":"follow","max-snippet":"max-snippet:-1","max-image-preview":"max-image-preview:large","max-video-preview":"max-video-preview:-1"},"canonical":"https:\/\/canvives.cat\/es\/lee-nuestra-entrevista-en-calella-comunicacio\/","og_locale":"es_ES","og_type":"article","og_title":"Llegeix la nostra entrevista a Calella Comunicaci\u00f3","og_description":"Descobreix l\u2019entrevista a Can Vives, carnisseria i xarcuteria amb hist\u00f2ria a Calella (Maresme) des de 1840.","og_url":"https:\/\/canvives.cat\/es\/lee-nuestra-entrevista-en-calella-comunicacio\/","og_site_name":"Can Vives carnissers des de 1840","article_publisher":"https:\/\/www.facebook.com\/CanVivesCalella","article_published_time":"2026-02-18T15:07:28+00:00","article_modified_time":"2026-02-21T18:31:29+00:00","og_image":[{"width":800,"height":419,"url":"https:\/\/canvives.cat\/wp-content\/uploads\/nuri-mateu-vives-800x419-1.jpg","type":"image\/jpeg"}],"author":"Administrador de Can Vives","twitter_card":"summary_large_image","twitter_misc":{"Escrito por":"Administrador de Can Vives","Tiempo de lectura":"2 minutos"},"schema":{"@context":"https:\/\/schema.org","@graph":[{"@type":"Article","@id":"https:\/\/canvives.cat\/llegeix-la-nostra-entrevista-a-calella-comunicacio\/#article","isPartOf":{"@id":"https:\/\/canvives.cat\/llegeix-la-nostra-entrevista-a-calella-comunicacio\/"},"author":{"name":"Administrador de Can Vives","@id":"https:\/\/canvives.cat\/#\/schema\/person\/0c954695d7dc77560a1a61f9b04afef2"},"headline":"Llegeix la nostra entrevista a Calella Comunicaci\u00f3","datePublished":"2026-02-18T15:07:28+00:00","dateModified":"2026-02-21T18:31:29+00:00","mainEntityOfPage":{"@id":"https:\/\/canvives.cat\/llegeix-la-nostra-entrevista-a-calella-comunicacio\/"},"wordCount":355,"publisher":{"@id":"https:\/\/canvives.cat\/#organization"},"image":{"@id":"https:\/\/canvives.cat\/llegeix-la-nostra-entrevista-a-calella-comunicacio\/#primaryimage"},"thumbnailUrl":"https:\/\/canvives.cat\/wp-content\/uploads\/nuri-mateu-vives-800x419-1.jpg","articleSection":["Not\u00edcies"],"inLanguage":"es","copyrightYear":"2026","copyrightHolder":{"@id":"https:\/\/canvives.cat\/es\/#organization"}},{"@type":"WebPage","@id":"https:\/\/canvives.cat\/llegeix-la-nostra-entrevista-a-calella-comunicacio\/","url":"https:\/\/canvives.cat\/llegeix-la-nostra-entrevista-a-calella-comunicacio\/","name":"Lee nuestra entrevista en Calella Comunicaci\u00f3","isPartOf":{"@id":"https:\/\/canvives.cat\/#website"},"primaryImageOfPage":{"@id":"https:\/\/canvives.cat\/llegeix-la-nostra-entrevista-a-calella-comunicacio\/#primaryimage"},"image":{"@id":"https:\/\/canvives.cat\/llegeix-la-nostra-entrevista-a-calella-comunicacio\/#primaryimage"},"thumbnailUrl":"https:\/\/canvives.cat\/wp-content\/uploads\/nuri-mateu-vives-800x419-1.jpg","datePublished":"2026-02-18T15:07:28+00:00","dateModified":"2026-02-21T18:31:29+00:00","description":"Descubre la entrevista con Can Vives, una carnicer\u00eda y charcuter\u00eda con historia en Calella (Maresme) desde 1840.","breadcrumb":{"@id":"https:\/\/canvives.cat\/llegeix-la-nostra-entrevista-a-calella-comunicacio\/#breadcrumb"},"inLanguage":"es","potentialAction":[{"@type":"ReadAction","target":["https:\/\/canvives.cat\/llegeix-la-nostra-entrevista-a-calella-comunicacio\/"]}]},{"@type":"ImageObject","inLanguage":"es","@id":"https:\/\/canvives.cat\/llegeix-la-nostra-entrevista-a-calella-comunicacio\/#primaryimage","url":"https:\/\/canvives.cat\/wp-content\/uploads\/nuri-mateu-vives-800x419-1.jpg","contentUrl":"https:\/\/canvives.cat\/wp-content\/uploads\/nuri-mateu-vives-800x419-1.jpg","width":800,"height":419},{"@type":"BreadcrumbList","@id":"https:\/\/canvives.cat\/llegeix-la-nostra-entrevista-a-calella-comunicacio\/#breadcrumb","itemListElement":[{"@type":"ListItem","position":1,"name":"Portada","item":"https:\/\/canvives.cat\/"},{"@type":"ListItem","position":2,"name":"Llegeix la nostra entrevista a Calella Comunicaci\u00f3"}]},{"@type":"WebSite","@id":"https:\/\/canvives.cat\/#website","url":"https:\/\/canvives.cat\/","name":"Can Vives carniceros desde 1840","description":"La carniceria-asador con m\u00e1s a\u00f1os de historia en Calella y una de las m\u00e1s antiguas de Catalu\u00f1a. Venta en tienda y online de todo tipo de carnes, embutidos, quesos y platos preparados. Somos carniceros, charcuteros y asadores.","publisher":{"@id":"https:\/\/canvives.cat\/#organization"},"alternateName":"Can Vives Calella","potentialAction":[{"@type":"SearchAction","target":{"@type":"EntryPoint","urlTemplate":"https:\/\/canvives.cat\/?s={search_term_string}"},"query-input":{"@type":"PropertyValueSpecification","valueRequired":true,"valueName":"search_term_string"}}],"inLanguage":"es"},{"@type":["Organization","Place"],"@id":"https:\/\/canvives.cat\/#organization","name":"Carnicer\u00eda y Asador Can Vives","alternateName":"Can Vives Calella","url":"https:\/\/canvives.cat\/","logo":{"@id":"https:\/\/canvives.cat\/llegeix-la-nostra-entrevista-a-calella-comunicacio\/#local-main-organization-logo"},"image":{"@id":"https:\/\/canvives.cat\/llegeix-la-nostra-entrevista-a-calella-comunicacio\/#local-main-organization-logo"},"sameAs":["https:\/\/www.facebook.com\/CanVivesCalella","https:\/\/www.instagram.com\/canvivescalella\/","https:\/\/www.tiktok.com\/@can.vives.calella"],"description":"\"Carnes, platos caseros, embutidos de calidad y especialidades propias, vinos y cavas, delicatessen y quesos. La carnicer\\u00eda con m\\u00e1s historia de Calella y una de las m\\u00e1s antiguas de Catalu\\u00f1a. Somos un negocio tradicional y elaboramos nuestras propias carnes cocidas, hamburguesas, salchichas, croquetas, embutidos como fuet, longaniza, lomos curados...\"","legalName":"VIVES CLOS C.B.","foundingDate":"1840-04-25","numberOfEmployees":{"@type":"QuantitativeValue","minValue":"1","maxValue":"10"},"address":{"@id":"https:\/\/canvives.cat\/llegeix-la-nostra-entrevista-a-calella-comunicacio\/#local-main-place-address"},"telephone":["937690224"],"contactPoint":{"@type":"ContactPoint","telephone":"662965320","email":"canvives@canvives.cat"},"openingHoursSpecification":[{"@type":"OpeningHoursSpecification","dayOfWeek":["Monday","Tuesday","Wednesday","Thursday","Friday","Saturday","Sunday"],"opens":"09:00","closes":"17:00"}],"email":"canvives@canvives.cat","vatID":"E60450871"},{"@type":"Person","@id":"https:\/\/canvives.cat\/#\/schema\/person\/0c954695d7dc77560a1a61f9b04afef2","name":"Gerente de Can Vives","sameAs":["http:\/\/www.canvives.cat"]},{"@type":"PostalAddress","@id":"https:\/\/canvives.cat\/llegeix-la-nostra-entrevista-a-calella-comunicacio\/#local-main-place-address","streetAddress":"Calle Sant Joan 89","addressLocality":"Calella","postalCode":"08370","addressRegion":"Barcelona","addressCountry":"ES"},{"@type":"ImageObject","inLanguage":"es","@id":"https:\/\/canvives.cat\/llegeix-la-nostra-entrevista-a-calella-comunicacio\/#local-main-organization-logo","url":"https:\/\/canvives.cat\/wp-content\/uploads\/logopng512.png","contentUrl":"https:\/\/canvives.cat\/wp-content\/uploads\/logopng512.png","width":512,"height":512,"caption":"Carnisseria Rostisseria Can Vives"}]},"geo.placename":"Calella","geo.region":"Espa\u00f1a"},"uagb_featured_image_src":{"full":["https:\/\/canvives.cat\/wp-content\/uploads\/nuri-mateu-vives-800x419-1.jpg",800,419,false],"thumbnail":["https:\/\/canvives.cat\/wp-content\/uploads\/nuri-mateu-vives-800x419-1-300x300.jpg",300,300,true],"medium":["https:\/\/canvives.cat\/wp-content\/uploads\/nuri-mateu-vives-800x419-1-600x314.jpg",600,314,true],"medium_large":["https:\/\/canvives.cat\/wp-content\/uploads\/nuri-mateu-vives-800x419-1-768x402.jpg",768,402,true],"large":["https:\/\/canvives.cat\/wp-content\/uploads\/nuri-mateu-vives-800x419-1.jpg",800,419,false],"1536x1536":["https:\/\/canvives.cat\/wp-content\/uploads\/nuri-mateu-vives-800x419-1.jpg",800,419,false],"2048x2048":["https:\/\/canvives.cat\/wp-content\/uploads\/nuri-mateu-vives-800x419-1.jpg",800,419,false],"trp-custom-language-flag":["https:\/\/canvives.cat\/wp-content\/uploads\/nuri-mateu-vives-800x419-1-18x9.jpg",18,9,true],"woocommerce_thumbnail":["https:\/\/canvives.cat\/wp-content\/uploads\/nuri-mateu-vives-800x419-1-300x300.jpg",300,300,true],"woocommerce_single":["https:\/\/canvives.cat\/wp-content\/uploads\/nuri-mateu-vives-800x419-1-600x314.jpg",600,314,true],"woocommerce_gallery_thumbnail":["https:\/\/canvives.cat\/wp-content\/uploads\/nuri-mateu-vives-800x419-1-100x100.jpg",100,100,true]},"uagb_author_info":{"display_name":"Administrador de Can Vives","author_link":"https:\/\/canvives.cat\/es\/author\/canvives\/"},"uagb_comment_info":0,"uagb_excerpt":"Entrevista: Can Vives a Calella Comunicaci\u00f3 \u2014 La confian\u00e7a va m\u00e9s enll\u00e0 del comer\u00e7 de barri Can Vives, carnisseria i xarcuteria amb hist\u00f2ria a Calella (Maresme) des de 1840, va ser l\u2019\u00faltim protagonista de l\u2019espai de comer\u00e7 local a Calella Comunicaci\u00f3. En aquesta conversa, en Mateu i la Nuri Vives, sisena generaci\u00f3 al capdavant del...","_links":{"self":[{"href":"https:\/\/canvives.cat\/es\/wp-json\/wp\/v2\/posts\/231222","targetHints":{"allow":["GET"]}}],"collection":[{"href":"https:\/\/canvives.cat\/es\/wp-json\/wp\/v2\/posts"}],"about":[{"href":"https:\/\/canvives.cat\/es\/wp-json\/wp\/v2\/types\/post"}],"author":[{"embeddable":true,"href":"https:\/\/canvives.cat\/es\/wp-json\/wp\/v2\/users\/6"}],"replies":[{"embeddable":true,"href":"https:\/\/canvives.cat\/es\/wp-json\/wp\/v2\/comments?post=231222"}],"version-history":[{"count":0,"href":"https:\/\/canvives.cat\/es\/wp-json\/wp\/v2\/posts\/231222\/revisions"}],"wp:featuredmedia":[{"embeddable":true,"href":"https:\/\/canvives.cat\/es\/wp-json\/wp\/v2\/media\/231223"}],"wp:attachment":[{"href":"https:\/\/canvives.cat\/es\/wp-json\/wp\/v2\/media?parent=231222"}],"wp:term":[{"taxonomy":"category","embeddable":true,"href":"https:\/\/canvives.cat\/es\/wp-json\/wp\/v2\/categories?post=231222"},{"taxonomy":"post_tag","embeddable":true,"href":"https:\/\/canvives.cat\/es\/wp-json\/wp\/v2\/tags?post=231222"}],"curies":[{"name":"wp","href":"https:\/\/api.w.org\/{rel}","templated":true}]}}